{"id":6779,"date":"2021-05-30T20:26:00","date_gmt":"2021-05-30T20:26:00","guid":{"rendered":"http:\/\/desres20.netornot.at\/?p=6779"},"modified":"2021-07-04T20:32:22","modified_gmt":"2021-07-04T20:32:22","slug":"sound-icons","status":"publish","type":"post","link":"http:\/\/desres20.netornot.at\/?p=6779","title":{"rendered":"Sound Icons"},"content":{"rendered":"\n<p>Diese Icons durfte ich gemeinsam mit Christof Geramb gestalten. Ziel dieser \u00dcbung war, dass ich zuerst die Sounds aufgenommen habe und Christof im Nachhinein die Icons kreierte. Bei meinen Kl\u00e4ngen habe ich mich haupts\u00e4chlich auf akustische Instrumente beschr\u00e4nkt. Zum Einsatz kommen zum Beispiel auch Handpans, Kalimba und Vibraphon.<\/p>\n\n\n\n<figure class=\"wp-block-embed is-type-video is-provider-vimeo wp-block-embed-vimeo wp-embed-aspect-1-1 wp-has-aspect-ratio\"><div class=\"wp-block-embed__wrapper\">\n<iframe loading=\"lazy\" title=\"Sound Icons two  (1).mp4\" src=\"https:\/\/player.vimeo.com\/video\/536880646?dnt=1&amp;app_id=122963\" width=\"780\" height=\"780\" frameborder=\"0\" allow=\"autoplay; fullscreen; picture-in-picture\" allowfullscreen><\/iframe>\n<\/div><figcaption>Icon1<\/figcaption><\/figure>\n\n\n\n<figure class=\"wp-block-embed is-type-video is-provider-vimeo wp-block-embed-vimeo wp-embed-aspect-1-1 wp-has-aspect-ratio\"><div class=\"wp-block-embed__wrapper\">\n<iframe loading=\"lazy\" title=\"Sound Icons two  (2).mp4\" src=\"https:\/\/player.vimeo.com\/video\/536880710?dnt=1&amp;app_id=122963\" width=\"780\" height=\"780\" frameborder=\"0\" allow=\"autoplay; fullscreen; picture-in-picture\" allowfullscreen><\/iframe>\n<\/div><figcaption>Icon2<\/figcaption><\/figure>\n\n\n\n<figure class=\"wp-block-embed is-type-video is-provider-vimeo wp-block-embed-vimeo wp-embed-aspect-1-1 wp-has-aspect-ratio\"><div class=\"wp-block-embed__wrapper\">\n<iframe loading=\"lazy\" title=\"Sound Icons two  (3).mp4\" src=\"https:\/\/player.vimeo.com\/video\/536880760?dnt=1&amp;app_id=122963\" width=\"780\" height=\"780\" frameborder=\"0\" allow=\"autoplay; fullscreen; picture-in-picture\" allowfullscreen><\/iframe>\n<\/div><figcaption>Icon3<\/figcaption><\/figure>\n\n\n\n<figure class=\"wp-block-embed is-type-video is-provider-vimeo wp-block-embed-vimeo wp-embed-aspect-1-1 wp-has-aspect-ratio\"><div class=\"wp-block-embed__wrapper\">\n<iframe loading=\"lazy\" title=\"Sound Icons two  (4).mp4\" src=\"https:\/\/player.vimeo.com\/video\/536880829?dnt=1&amp;app_id=122963\" width=\"780\" height=\"780\" frameborder=\"0\" allow=\"autoplay; fullscreen; picture-in-picture\" allowfullscreen><\/iframe>\n<\/div><figcaption>Icon4<\/figcaption><\/figure>\n\n\n\n<figure class=\"wp-block-embed is-type-video is-provider-vimeo wp-block-embed-vimeo wp-embed-aspect-1-1 wp-has-aspect-ratio\"><div class=\"wp-block-embed__wrapper\">\n<iframe loading=\"lazy\" title=\"Sound Icons two  (5).mp4\" src=\"https:\/\/player.vimeo.com\/video\/536880899?dnt=1&amp;app_id=122963\" width=\"780\" height=\"780\" frameborder=\"0\" allow=\"autoplay; fullscreen; picture-in-picture\" allowfullscreen><\/iframe>\n<\/div><figcaption>Icon5<\/figcaption><\/figure>\n\n\n\n<figure class=\"wp-block-embed is-type-video is-provider-vimeo wp-block-embed-vimeo wp-embed-aspect-1-1 wp-has-aspect-ratio\"><div class=\"wp-block-embed__wrapper\">\n<iframe loading=\"lazy\" title=\"Sound Icons two  (6).mp4\" src=\"https:\/\/player.vimeo.com\/video\/536880593?dnt=1&amp;app_id=122963\" width=\"780\" height=\"780\" frameborder=\"0\" allow=\"autoplay; fullscreen; picture-in-picture\" allowfullscreen><\/iframe>\n<\/div><figcaption>Icon6<\/figcaption><\/figure>\n","protected":false},"excerpt":{"rendered":"<p>Diese Icons durfte ich gemeinsam mit Christof Geramb gestalten. Ziel dieser \u00dcbung war, dass ich zuerst die Sounds aufgenommen habe und Christof im Nachhinein die Icons kreierte. Bei meinen Kl\u00e4ngen habe ich mich haupts\u00e4chlich auf akustische Instrumente beschr\u00e4nkt. Zum Einsatz kommen zum Beispiel auch Handpans, Kalimba und Vibraphon.<\/p>\n","protected":false},"author":36,"featured_media":0,"comment_status":"open","ping_status":"open","sticky":false,"template":"","format":"standard","meta":[],"categories":[1],"tags":[],"_links":{"self":[{"href":"http:\/\/desres20.netornot.at\/index.php?rest_route=\/wp\/v2\/posts\/6779"}],"collection":[{"href":"http:\/\/desres20.netornot.at\/index.php?rest_route=\/wp\/v2\/posts"}],"about":[{"href":"http:\/\/desres20.netornot.at\/index.php?rest_route=\/wp\/v2\/types\/post"}],"author":[{"embeddable":true,"href":"http:\/\/desres20.netornot.at\/index.php?rest_route=\/wp\/v2\/users\/36"}],"replies":[{"embeddable":true,"href":"http:\/\/desres20.netornot.at\/index.php?rest_route=%2Fwp%2Fv2%2Fcomments&post=6779"}],"version-history":[{"count":1,"href":"http:\/\/desres20.netornot.at\/index.php?rest_route=\/wp\/v2\/posts\/6779\/revisions"}],"predecessor-version":[{"id":6780,"href":"http:\/\/desres20.netornot.at\/index.php?rest_route=\/wp\/v2\/posts\/6779\/revisions\/6780"}],"wp:attachment":[{"href":"http:\/\/desres20.netornot.at\/index.php?rest_route=%2Fwp%2Fv2%2Fmedia&parent=6779"}],"wp:term":[{"taxonomy":"category","embeddable":true,"href":"http:\/\/desres20.netornot.at\/index.php?rest_route=%2Fwp%2Fv2%2Fcategories&post=6779"},{"taxonomy":"post_tag","embeddable":true,"href":"http:\/\/desres20.netornot.at\/index.php?rest_route=%2Fwp%2Fv2%2Ftags&post=6779"}],"curies":[{"name":"wp","href":"https:\/\/api.w.org\/{rel}","templated":true}]}}