{"id":407,"date":"2020-11-26T18:24:27","date_gmt":"2020-11-26T18:24:27","guid":{"rendered":"http:\/\/desres20.netornot.at\/?p=407"},"modified":"2020-11-26T18:24:27","modified_gmt":"2020-11-26T18:24:27","slug":"stereotypisierung-von-sinti-und-roma-in-den-medien-3","status":"publish","type":"post","link":"http:\/\/desres20.netornot.at\/?p=407","title":{"rendered":"Stereotypisierung von Sinti und Roma in den Medien (3)"},"content":{"rendered":"\n<p><strong><a href=\"https:\/\/www.presserat.de\/pressekodex.html\">Pressekodex (Richtlinie 12.1):<\/a><\/strong><\/p>\n\n\n\n<p>Niemand darf wegen seines Geschlechts, einer Behinderung oder seiner Zugeh\u00f6rigkeit zu einer ethnischen, religi\u00f6sen, sozialen oder nationalen Gruppe diskriminiert werden.<strong><\/strong><\/p>\n\n\n\n<p><em>&#8220;In der Berichterstattung \u00fcber Straftaten ist darauf zu achten, dass die Erw\u00e4hnung der Zugeh\u00f6rigkeit der Verd\u00e4chtigen oder T\u00e4ter zu ethnischen, religi\u00f6sen oder anderen Minderheiten nicht zu einer diskriminierenden Verallgemeinerung individuellen Fehlverhaltens f\u00fchrt. Die Zugeh\u00f6rigkeit soll in der Regel nicht erw\u00e4hnt werden, es sei denn, es besteht ein begr\u00fcndetes \u00f6ffentliches Interesse. Besonders ist zu beachten, dass die Erw\u00e4hnung Vorurteile gegen\u00fcber Minderheiten sch\u00fcren k\u00f6nnte.&#8221;<a href=\"#_ftn1\"><strong>[1]<\/strong><\/a><\/em><\/p>\n\n\n\n<p>Mit dem Pressekodex sollen Minderheiten gesch\u00fctzt und Diskriminierung verhindert werden.<\/p>\n\n\n\n<p>In der Berichterstattung wird diese journalistisch-ethische Grundregel nicht immer eingehalten. Durch wiederkehrende stereotypisierende Medienberichte werden bestimmte Bilder betont und bleiben in den K\u00f6pfen der Rezipient*innen.<\/p>\n\n\n\n<p>In einer Talkshow vom 15. Juni 2014 setzt sich G\u00fcnther Jauch mit dem Thema \u201eAlbtraum Einbruch \u2013 Wie sicher sind wir in der eigenen Wohnung?\u201c <a href=\"#_ftn2\">[2]<\/a> auseinander. \u00a0In dem Einspieler und einem Statement eines Beamten ist die Rede von\u201c\u2018 Roma-Gruppen\u2018 [\u2026], die \u201a\u00fcberall einbrechen\u2018\u201c.<\/p>\n\n\n\n<p>Die Vox-Sendung \u201eJunge Roma in Deutschland \u2013 Tradition ist alles!\u201c vom 6. August 2012 und die RTL-Sendung \u201eTurbulent zum Traualtar\u201c vom 6. August 2012 zeigen zwei Hochzeiten von Sinti und Roma. Personen werden vor Wohnwagen interviewt, obwohl \u201edie Familie des Br\u00e4utigams [\u2026] in einem gro\u00dfz\u00fcgigen Wohnhaus\u201c lebt.<a href=\"#_ftn3\">[3]<\/a> Mit dem Hintergrund von Wohnwagen wird jeder Interviewter damit in Verbindung gebracht und eben nicht auf die vielf\u00e4ltige Weise der Unterk\u00fcnfte.<\/p>\n\n\n\n<p>Der Online-Artikel &#8220;Es kommen nicht nur Roma \u2013 es kommen auch Akademiker&#8221; (2013) von ZDF heute zeigt eine deutliche Unterscheidung von Roma und Akademikern.<\/p>\n\n\n\n<p>\u201ePolizei st\u00fcrmt Duisburger Roma-Haus nach Angriff auf B\u00fcrger\u201c<a href=\"#_ftn4\">[4]<\/a> ist ein Artikel von DerWesten bei dem das \u201eRoma-Haus\u201c mit einem \u201eProblemhaus\u201c gleichgestellt wird.<a href=\"#_ftn5\">[5]<\/a><\/p>\n\n\n\n<p>Die Stigmatisierung von Sinti und Roma ist noch heute in den Medien pr\u00e4sent. Der Zentralrat Sinti und Roma in Deutschland er\u00f6ffente am 23. Januar 2020 eine Diskussionsrunde &#8220;Haben wir ein Journalismusproblem? &#8211; Das Bild von Sinti und Roma in den Medien&#8221;. [6]<\/p>\n\n\n\n<p>Journalist*innen werden aufgefordert, sich dem Framing und den replizierten Bildern bewusst zu werden und diesen entgegenzuwirken. <\/p>\n\n\n\n<hr class=\"wp-block-separator\"\/>\n\n\n\n<p style=\"font-size:10px\"><a href=\"#_ftnref1\">[1]<\/a> <a href=\"https:\/\/www.presserat.de\/leitsaetze-zur-richtlinie-12-1.html\">https:\/\/www.presserat.de\/leitsaetze-zur-richtlinie-12-1.html<\/a> [25.11.2020]<\/p>\n\n\n\n<p style=\"font-size:10px\"><a href=\"#_ftnref2\">[2]<\/a> <a href=\"https:\/\/taz.de\/Antiziganismus-in-den-Medien\/!5037929\/\">https:\/\/taz.de\/Antiziganismus-in-den-Medien\/!5037929\/<\/a> [26.11.2020]<\/p>\n\n\n\n<p style=\"font-size:10px\"><a href=\"#_ftnref3\">[3]<\/a> <a href=\"https:\/\/www.bpb.de\/internationales\/europa\/sinti-und-roma-in-europa\/179543\/eine-analyse-wie-berichten-medien-ueber-sinti-und-roma\">https:\/\/www.bpb.de\/internationales\/europa\/sinti-und-roma-in-europa\/179543\/eine-analyse-wie-berichten-medien-ueber-sinti-und-roma<\/a> [25.11.2020]<\/p>\n\n\n\n<h1 style=\"font-size:10px\"><a href=\"#_ftnref4\">[4]<\/a> <a href=\"https:\/\/www.derwesten.de\/staedte\/duisburg\/polizei-stuermt-duisburger-roma-haus-nach-angriff-auf-buerger-id8354475.html\">https:\/\/www.derwesten.de\/staedte\/duisburg\/polizei-stuermt-duisburger-roma-haus-nach-angriff-auf-buerger-id8354475.html<\/a> [26.11.2020]<\/h1>\n\n\n\n<p style=\"font-size:10px\"><a href=\"#_ftnref5\">[5]<\/a> <a href=\"https:\/\/www.zeit.de\/gesellschaft\/zeitgeschehen\/2014-07\/studie-end-antiziganismus?utm_referrer=https%3A%2F%2Fwww.google.com%2F\">https:\/\/www.zeit.de\/gesellschaft\/zeitgeschehen\/2014-07\/studie-end-antiziganismus?utm_referrer=https%3A%2F%2Fwww.google.com%2F<\/a> [26.11.2020]<\/p>\n\n\n\n<p style=\"font-size:10px\"><a href=\"#_ftnref6\">[6]<\/a> https:\/\/zentralrat.sintiundroma.de\/veranstaltungen\/haben-wir-ein-journalismusproblem-das-bild-von-sinti-und-roma-in-den-medien\/ [26.11.2020]<\/p>\n","protected":false},"excerpt":{"rendered":"<p>Pressekodex (Richtlinie 12.1): Niemand darf wegen seines Geschlechts, einer Behinderung oder seiner Zugeh\u00f6rigkeit zu einer ethnischen, religi\u00f6sen, sozialen oder nationalen Gruppe diskriminiert werden. &#8220;In der Berichterstattung \u00fcber Straftaten ist darauf zu achten, dass die Erw\u00e4hnung der Zugeh\u00f6rigkeit der Verd\u00e4chtigen oder T\u00e4ter zu ethnischen, religi\u00f6sen oder anderen Minderheiten nicht zu einer diskriminierenden Verallgemeinerung individuellen Fehlverhaltens f\u00fchrt.<\/p>\n<footer class=\"entry-footer index-entry\">\n<div class=\"post-social pull-left\"><a href=\"https:\/\/www.facebook.com\/sharer\/sharer.php?u=http%3A%2F%2Fdesres20.netornot.at%2F%3Fp%3D407\" target=\"_blank\" class=\"social-icons\"><i class=\"fa fa-facebook\" aria-hidden=\"true\"><\/i><\/a><a href=\"https:\/\/twitter.com\/home?status=http%3A%2F%2Fdesres20.netornot.at%2F%3Fp%3D407\" target=\"_blank\" class=\"social-icons\"><i class=\"fa fa-twitter\" aria-hidden=\"true\"><\/i><\/a><a href=\"https:\/\/www.linkedin.com\/shareArticle?mini=true&#038;url=http%3A%2F%2Fdesres20.netornot.at%2F%3Fp%3D407&#038;title=Stereotypisierung+von+Sinti+und+Roma+in+den+Medien+%283%29\" target=\"_blank\" class=\"social-icons\"><i class=\"fa fa-linkedin\" aria-hidden=\"true\"><\/i><\/a><\/div>\n<p class=\"link-more\"><a href=\"http:\/\/desres20.netornot.at\/?p=407\" class=\"more-link\">Continue reading <span class=\"meta-nav\">\u2192<\/span><\/a><\/p>\n<\/footer>\n","protected":false},"author":30,"featured_media":0,"comment_status":"open","ping_status":"open","sticky":false,"template":"","format":"standard","meta":[],"categories":[1],"tags":[],"_links":{"self":[{"href":"http:\/\/desres20.netornot.at\/index.php?rest_route=\/wp\/v2\/posts\/407"}],"collection":[{"href":"http:\/\/desres20.netornot.at\/index.php?rest_route=\/wp\/v2\/posts"}],"about":[{"href":"http:\/\/desres20.netornot.at\/index.php?rest_route=\/wp\/v2\/types\/post"}],"author":[{"embeddable":true,"href":"http:\/\/desres20.netornot.at\/index.php?rest_route=\/wp\/v2\/users\/30"}],"replies":[{"embeddable":true,"href":"http:\/\/desres20.netornot.at\/index.php?rest_route=%2Fwp%2Fv2%2Fcomments&post=407"}],"version-history":[{"count":3,"href":"http:\/\/desres20.netornot.at\/index.php?rest_route=\/wp\/v2\/posts\/407\/revisions"}],"predecessor-version":[{"id":410,"href":"http:\/\/desres20.netornot.at\/index.php?rest_route=\/wp\/v2\/posts\/407\/revisions\/410"}],"wp:attachment":[{"href":"http:\/\/desres20.netornot.at\/index.php?rest_route=%2Fwp%2Fv2%2Fmedia&parent=407"}],"wp:term":[{"taxonomy":"category","embeddable":true,"href":"http:\/\/desres20.netornot.at\/index.php?rest_route=%2Fwp%2Fv2%2Fcategories&post=407"},{"taxonomy":"post_tag","embeddable":true,"href":"http:\/\/desres20.netornot.at\/index.php?rest_route=%2Fwp%2Fv2%2Ftags&post=407"}],"curies":[{"name":"wp","href":"https:\/\/api.w.org\/{rel}","templated":true}]}}