{"id":1320,"date":"2020-12-15T17:12:33","date_gmt":"2020-12-15T17:12:33","guid":{"rendered":"http:\/\/desres20.netornot.at\/?p=1320"},"modified":"2020-12-15T17:12:33","modified_gmt":"2020-12-15T17:12:33","slug":"image-effect","status":"publish","type":"post","link":"http:\/\/desres20.netornot.at\/?p=1320","title":{"rendered":"Image Effect"},"content":{"rendered":"\n<p>For my master\u2018s thesis, I am concerned with the effect of images. The following questions should be clarified: How do I interpret an image? How in the qualitative and quantitative sense and why do which recipient groups use which (audio) visual offer? How do people perceive (audio) visual media and their images? How do you receive it and how do you process it? What do the (audio) visual media and their images do with people? What direct and indirect effects are (audio) visual media and their images associated with on various levels?<\/p>\n\n\n\n<p>During my research, I came across a great artist who I want to present here today.<\/p>\n\n\n\n<p>U\u011fur Gallenku\u015f combines photographs from different parts of the world and creates collages that make you think. With his collages, he draws attention to various injustices. Ugur Gallenku\u015f is a Turkish graphic designer who works in Istanbul. As a spontaneous reaction to the disturbing image of Aylan Kurdi &#8211; a three-year-old Syrian boy whose body was washed up on the shores of the Mediterranean &#8211; U\u011fur Gallenku\u015f has been developing an ongoing series of brutally honest work since 2015. Gallenku\u015f\u2018s series takes a steadfast look at the highly polarized world in which we live. The designer published his book in November 2020. Item Description: In honor of World Children\u2018s Day, artist Ugur Gallenkus is debuting his first book, Parallel Universes of Children. The book features selections from Gallenkus\u2018 ongoing series of collages juxtaposing the starkly different worlds today\u2019s children inhabit globally.<\/p>\n\n\n\n<p>Further information: https:\/\/ugurgallenkus.com<\/p>\n\n\n\n<figure class=\"is-layout-flex wp-block-gallery-1 wp-block-gallery columns-3 is-cropped\"><ul class=\"blocks-gallery-grid\"><li class=\"blocks-gallery-item\"><figure><img decoding=\"async\" loading=\"lazy\" width=\"1024\" height=\"1022\" src=\"http:\/\/desres20.netornot.at\/wp-content\/uploads\/2020\/12\/Bildschirmfoto-2020-12-15-um-17.29.03-1024x1022.png\" alt=\"\" data-id=\"1324\" data-link=\"http:\/\/desres20.netornot.at\/?attachment_id=1324\" class=\"wp-image-1324\" srcset=\"http:\/\/desres20.netornot.at\/wp-content\/uploads\/2020\/12\/Bildschirmfoto-2020-12-15-um-17.29.03-1024x1022.png 1024w, http:\/\/desres20.netornot.at\/wp-content\/uploads\/2020\/12\/Bildschirmfoto-2020-12-15-um-17.29.03-300x300.png 300w, http:\/\/desres20.netornot.at\/wp-content\/uploads\/2020\/12\/Bildschirmfoto-2020-12-15-um-17.29.03-150x150.png 150w, http:\/\/desres20.netornot.at\/wp-content\/uploads\/2020\/12\/Bildschirmfoto-2020-12-15-um-17.29.03-768x767.png 768w, http:\/\/desres20.netornot.at\/wp-content\/uploads\/2020\/12\/Bildschirmfoto-2020-12-15-um-17.29.03.png 1204w\" sizes=\"(max-width: 1024px) 100vw, 1024px\" \/><\/figure><\/li><li class=\"blocks-gallery-item\"><figure><img decoding=\"async\" loading=\"lazy\" width=\"1024\" height=\"1024\" src=\"http:\/\/desres20.netornot.at\/wp-content\/uploads\/2020\/12\/Bildschirmfoto-2020-12-15-um-17.29.44-1024x1024.png\" alt=\"\" data-id=\"1325\" data-link=\"http:\/\/desres20.netornot.at\/?attachment_id=1325\" class=\"wp-image-1325\" srcset=\"http:\/\/desres20.netornot.at\/wp-content\/uploads\/2020\/12\/Bildschirmfoto-2020-12-15-um-17.29.44-1024x1024.png 1024w, http:\/\/desres20.netornot.at\/wp-content\/uploads\/2020\/12\/Bildschirmfoto-2020-12-15-um-17.29.44-300x300.png 300w, http:\/\/desres20.netornot.at\/wp-content\/uploads\/2020\/12\/Bildschirmfoto-2020-12-15-um-17.29.44-150x150.png 150w, http:\/\/desres20.netornot.at\/wp-content\/uploads\/2020\/12\/Bildschirmfoto-2020-12-15-um-17.29.44-768x768.png 768w, http:\/\/desres20.netornot.at\/wp-content\/uploads\/2020\/12\/Bildschirmfoto-2020-12-15-um-17.29.44.png 1202w\" sizes=\"(max-width: 1024px) 100vw, 1024px\" \/><\/figure><\/li><li class=\"blocks-gallery-item\"><figure><img decoding=\"async\" loading=\"lazy\" width=\"1016\" height=\"1024\" src=\"http:\/\/desres20.netornot.at\/wp-content\/uploads\/2020\/12\/Bildschirmfoto-2020-12-15-um-17.30.08-1016x1024.png\" alt=\"\" data-id=\"1326\" data-link=\"http:\/\/desres20.netornot.at\/?attachment_id=1326\" class=\"wp-image-1326\" srcset=\"http:\/\/desres20.netornot.at\/wp-content\/uploads\/2020\/12\/Bildschirmfoto-2020-12-15-um-17.30.08-1016x1024.png 1016w, http:\/\/desres20.netornot.at\/wp-content\/uploads\/2020\/12\/Bildschirmfoto-2020-12-15-um-17.30.08-298x300.png 298w, http:\/\/desres20.netornot.at\/wp-content\/uploads\/2020\/12\/Bildschirmfoto-2020-12-15-um-17.30.08-150x150.png 150w, http:\/\/desres20.netornot.at\/wp-content\/uploads\/2020\/12\/Bildschirmfoto-2020-12-15-um-17.30.08-768x774.png 768w, http:\/\/desres20.netornot.at\/wp-content\/uploads\/2020\/12\/Bildschirmfoto-2020-12-15-um-17.30.08.png 1198w\" sizes=\"(max-width: 1016px) 100vw, 1016px\" \/><\/figure><\/li><li class=\"blocks-gallery-item\"><figure><img decoding=\"async\" loading=\"lazy\" width=\"1024\" height=\"1019\" src=\"http:\/\/desres20.netornot.at\/wp-content\/uploads\/2020\/12\/Bildschirmfoto-2020-12-15-um-17.30.52-1024x1019.png\" alt=\"\" data-id=\"1327\" data-full-url=\"http:\/\/desres20.netornot.at\/wp-content\/uploads\/2020\/12\/Bildschirmfoto-2020-12-15-um-17.30.52.png\" data-link=\"http:\/\/desres20.netornot.at\/?attachment_id=1327\" class=\"wp-image-1327\" srcset=\"http:\/\/desres20.netornot.at\/wp-content\/uploads\/2020\/12\/Bildschirmfoto-2020-12-15-um-17.30.52-1024x1019.png 1024w, http:\/\/desres20.netornot.at\/wp-content\/uploads\/2020\/12\/Bildschirmfoto-2020-12-15-um-17.30.52-300x300.png 300w, http:\/\/desres20.netornot.at\/wp-content\/uploads\/2020\/12\/Bildschirmfoto-2020-12-15-um-17.30.52-150x150.png 150w, http:\/\/desres20.netornot.at\/wp-content\/uploads\/2020\/12\/Bildschirmfoto-2020-12-15-um-17.30.52-768x764.png 768w, http:\/\/desres20.netornot.at\/wp-content\/uploads\/2020\/12\/Bildschirmfoto-2020-12-15-um-17.30.52.png 1200w\" sizes=\"(max-width: 1024px) 100vw, 1024px\" \/><\/figure><\/li><\/ul><\/figure>\n\n\n\n<p>source:&nbsp;<\/p>\n\n\n\n<figure class=\"wp-block-embed\"><div class=\"wp-block-embed__wrapper\">\nhttps:\/\/ugurgallenkus.com\n<\/div><\/figure>\n\n\n\n<figure class=\"wp-block-embed\"><div class=\"wp-block-embed__wrapper\">\nhttps:\/\/www.instagram.com\/ugurgallen\/\n<\/div><\/figure>\n\n\n\n<p>Marion G. M\u00fcller, Stephanie Geise: Grundlagen der visuellen Kommunikation. M\u00fcnchen: UVK 2015<\/p>\n","protected":false},"excerpt":{"rendered":"<p>For my master\u2018s thesis, I am concerned with the effect of images. The following questions should be clarified: How do I interpret an image? How in the qualitative and quantitative sense and why do which recipient groups use which (audio) visual offer? How do people perceive (audio) visual media and their images? How do you<\/p>\n<footer class=\"entry-footer index-entry\">\n<div class=\"post-social pull-left\"><a href=\"https:\/\/www.facebook.com\/sharer\/sharer.php?u=http%3A%2F%2Fdesres20.netornot.at%2F%3Fp%3D1320\" target=\"_blank\" class=\"social-icons\"><i class=\"fa fa-facebook\" aria-hidden=\"true\"><\/i><\/a><a href=\"https:\/\/twitter.com\/home?status=http%3A%2F%2Fdesres20.netornot.at%2F%3Fp%3D1320\" target=\"_blank\" class=\"social-icons\"><i class=\"fa fa-twitter\" aria-hidden=\"true\"><\/i><\/a><a href=\"https:\/\/www.linkedin.com\/shareArticle?mini=true&#038;url=http%3A%2F%2Fdesres20.netornot.at%2F%3Fp%3D1320&#038;title=Image+Effect\" target=\"_blank\" class=\"social-icons\"><i class=\"fa fa-linkedin\" aria-hidden=\"true\"><\/i><\/a><\/div>\n<p class=\"link-more\"><a href=\"http:\/\/desres20.netornot.at\/?p=1320\" class=\"more-link\">Continue reading <span class=\"meta-nav\">\u2192<\/span><\/a><\/p>\n<\/footer>\n","protected":false},"author":31,"featured_media":0,"comment_status":"open","ping_status":"open","sticky":false,"template":"","format":"standard","meta":[],"categories":[2],"tags":[],"_links":{"self":[{"href":"http:\/\/desres20.netornot.at\/index.php?rest_route=\/wp\/v2\/posts\/1320"}],"collection":[{"href":"http:\/\/desres20.netornot.at\/index.php?rest_route=\/wp\/v2\/posts"}],"about":[{"href":"http:\/\/desres20.netornot.at\/index.php?rest_route=\/wp\/v2\/types\/post"}],"author":[{"embeddable":true,"href":"http:\/\/desres20.netornot.at\/index.php?rest_route=\/wp\/v2\/users\/31"}],"replies":[{"embeddable":true,"href":"http:\/\/desres20.netornot.at\/index.php?rest_route=%2Fwp%2Fv2%2Fcomments&post=1320"}],"version-history":[{"count":5,"href":"http:\/\/desres20.netornot.at\/index.php?rest_route=\/wp\/v2\/posts\/1320\/revisions"}],"predecessor-version":[{"id":1329,"href":"http:\/\/desres20.netornot.at\/index.php?rest_route=\/wp\/v2\/posts\/1320\/revisions\/1329"}],"wp:attachment":[{"href":"http:\/\/desres20.netornot.at\/index.php?rest_route=%2Fwp%2Fv2%2Fmedia&parent=1320"}],"wp:term":[{"taxonomy":"category","embeddable":true,"href":"http:\/\/desres20.netornot.at\/index.php?rest_route=%2Fwp%2Fv2%2Fcategories&post=1320"},{"taxonomy":"post_tag","embeddable":true,"href":"http:\/\/desres20.netornot.at\/index.php?rest_route=%2Fwp%2Fv2%2Ftags&post=1320"}],"curies":[{"name":"wp","href":"https:\/\/api.w.org\/{rel}","templated":true}]}}